{"id":9922,"date":"2018-08-22T12:00:32","date_gmt":"2018-08-22T09:00:32","guid":{"rendered":"https:\/\/www.instaavm.com\/?p=9922"},"modified":"2025-03-12T11:25:16","modified_gmt":"2025-03-12T08:25:16","slug":"instagram-hesabinizi-guzellestirecek-9-basit-ipucu","status":"publish","type":"post","link":"https:\/\/instaavm.com\/blog\/instagram-hesabinizi-guzellestirecek-9-basit-ipucu\/","title":{"rendered":"Instagram Hesab\u0131n\u0131z\u0131 G\u00fczelle\u015ftirecek 9 Basit \u0130pucu"},"content":{"rendered":"<p>Instagram hakk\u0131nda bildi\u011finiz her \u015feyi bir kenara at\u0131n. Bunun yerine birlikte en ba\u015ftan ba\u015flamaya ne dersiniz? Preview uygulamas\u0131n\u0131 y\u00fcklemeniz size \u00f6nerece\u011fimiz ipu\u00e7lar\u0131n\u0131 yerine getirmeniz i\u00e7in \u00e7ok \u00f6nemlidir \u00e7\u00fcnk\u00fc <a href=\"https:\/\/thepreviewapp.com\/\">Preview<\/a>, yay\u0131n ak\u0131\u015f\u0131n\u0131z\u0131 kendinize \u00f6zel bir \u015fekilde tasarlaman\u0131za yard\u0131mc\u0131 olur. Size bu makalede \u00f6nerece\u011fimiz ipu\u00e7lar\u0131n\u0131 Preview uygulamas\u0131 ile kolayl\u0131kla uygulayabilirsiniz.<\/p>\n<p>Instagram yay\u0131n ak\u0131\u015f\u0131n\u0131z\u0131 g\u00f6rsel bir \u015f\u00f6lene d\u00f6n\u00fc\u015ft\u00fcrmek i\u00e7in neler yapman\u0131z gerekti\u011fini bilmeniz laz\u0131m. G\u00f6rsel \u015f\u00f6len derken as\u0131l anlatmak istedi\u011fimiz \u015fey Instagram profilinizde belirli bir tutarl\u0131l\u0131\u011f\u0131 yakalam\u0131\u015f olman\u0131zd\u0131r.<\/p>\n<p>E\u011fer Instagram\u2019\u0131 profesyonel anlamda kullan\u0131yorsan\u0131z ve bir markan\u0131n sosyal medya y\u00f6neticili\u011fini yap\u0131yorsan\u0131z, g\u00f6rsel tutarl\u0131l\u0131\u011f\u0131 yakalaman\u0131n ne kadar \u00f6nemli oldu\u011fununun alt\u0131n\u0131 \u00f6nemle \u00e7izmemiz gerekir. Instagram yay\u0131n ak\u0131\u015f\u0131n\u0131z\u0131, \u015firketinizin bir kartviziti olarak g\u00f6r\u00fcn. Her y\u00fcz\u00fcn arkas\u0131nda bir ki\u015filik vard\u0131r. Instagram profilinizde kullanaca\u011f\u0131n\u0131z tema da bu ki\u015fili\u011fi olu\u015fturur. Bu y\u00fczden g\u00f6rsel tutarl\u0131l\u0131\u011f\u0131 do\u011fru bir \u015fekilde elde etmek Instagram\u2019daki ki\u015fili\u011finizi yans\u0131tmak i\u00e7in \u00e7ok \u00f6nemlidir.-<\/p>\n<h2>Profesyonel Instagram Y\u00f6netimi<\/h2>\n<p>Instagram yay\u0131n ak\u0131\u015f\u0131n\u0131z g\u00f6ze de ho\u015f geldi\u011fi takdirde di\u011fer kullan\u0131c\u0131lar taraf\u0131ndan takip edilme ve foto\u011fraflar\u0131n\u0131za be\u011feni alma \u015fans\u0131n\u0131z \u00e7ok daha artar. Bunun yan\u0131 s\u0131ra Instagram be\u011feni sat\u0131n al hizmetlerimiz ile de hesab\u0131n\u0131z\u0131 daha g\u00fczel ve kaliteli bir hale getirebilirsiniz. Bu i\u015flemleri manuel yapmak istemezseniz Instagram ayl\u0131k oto be\u011feni paketlerini de tercih edebilirsiniz.<\/p>\n<p>Bu makalede size \u015funlardan bahsedece\u011fiz:<\/p>\n<ul>\n<li>Kullanabilece\u011finiz d\u00fczen se\u00e7enekleri,<\/li>\n<li>Instagram foto\u011fraflar\u0131n\u0131z\u0131n yerlerini nas\u0131l de\u011fi\u015ftirece\u011finizi,<\/li>\n<li>Ayr\u0131ca basit ama inan\u0131lmaz \u00f6nemli ipu\u00e7lar\u0131n\u0131 da bu yaz\u0131da bulabileceksiniz.<\/li>\n<\/ul>\n<p>E\u011fer bu bahsi ge\u00e7ecek olan stratejileri kendi Instagram hesab\u0131n\u0131zda kullan\u0131rsan\u0131z, \u00f6nemli farklar g\u00f6rece\u011finizi kesinlikle garanti ediyoruz. Haydi o zaman i\u015fe ba\u015flayal\u0131m! \u0130\u015fte Instagram yay\u0131n ak\u0131\u015f\u0131n\u0131z\u0131 g\u00fczelle\u015ftirmek i\u00e7in uygulayabilece\u011finiz 9 k\u00fc\u00e7\u00fck strateji:<\/p>\n<h3>1. Yay\u0131n ak\u0131\u015f\u0131n\u0131z\u0131n d\u00fczenini belirleyin<\/h3>\n<p>\u00d6ncelikle bilmeniz gereken \u015fey, genel yay\u0131n ak\u0131\u015f\u0131n\u0131z\u0131n hangi d\u00fczene sahip olaca\u011f\u0131d\u0131r. Bir tema olu\u015fturman\u0131n en kolay yollar\u0131ndan biri d\u00fczeni belirlemektir. Preview uygulamas\u0131nda toplamda 7 tane d\u00fczen vard\u0131r. Bu d\u00fczenleri \u015f\u00f6yle s\u0131ralayabiliriz:<\/p>\n<ul>\n<li>Kare<\/li>\n<li>\u00c7apraz<\/li>\n<li>Mozaik<\/li>\n<li>S\u0131radan s\u0131raya<\/li>\n<li>Ortada \u00e7izgi<\/li>\n<li>G\u00f6kku\u015fa\u011f\u0131<\/li>\n<li>\u00c7er\u00e7eve<\/li>\n<\/ul>\n<p><img loading=\"lazy\" decoding=\"async\" class=\" wp-image-10003 aligncenter\" src=\"https:\/\/www.instaavm.com\/wp-content\/uploads\/2018\/08\/improve-instagram-feed-tips-1-160x300.jpg\" alt=\"\" width=\"361\" height=\"677\" \/><\/p>\n<h3>2. Tema se\u00e7in<\/h3>\n<p>Canl\u0131, gotik, rengarenk&#8230; Hangi tema olursa olsun, Instagram yay\u0131n ak\u0131\u015f\u0131n\u0131z\u0131n genel g\u00f6r\u00fcn\u00fc\u015f\u00fcn\u00fc etkileyecek olan \u015fey temad\u0131r. Hesab\u0131n\u0131z\u0131n g\u00f6rsel ki\u015fili\u011fini se\u00e7ece\u011finiz tema yans\u0131t\u0131r.<br \/>\nPeki teman\u0131z\u0131n ne olmas\u0131n\u0131 istiyorsunuz? Romantik, tropikal, renkli, minimalist, beyaz, koyu vs&#8230; Hangi konulara kar\u015f\u0131 \u00e7ok ilgi g\u00f6steriyorsunuz? Bu konular aras\u0131ndan 3 tanesini belirleyin. \u00d6rne\u011fin moda, yemek ve do\u011fa konular\u0131n\u0131 se\u00e7tiniz diyelim. Sadece bu \u00fc\u00e7 konu hakk\u0131nda foto\u011fraf payla\u015f\u0131n. Se\u00e7ece\u011finiz bu konular; i\u00e7eri\u011finizi, hikayenizi ve teman\u0131z\u0131 olu\u015fturacak.\u00a0Yine Preview uygulamas\u0131n\u0131 kullanarak farkl\u0131 temalar se\u00e7ebilir ve olu\u015fturabilirsiniz. \u0130lham al\u0131n ve stilinizi se\u00e7in. Se\u00e7ti\u011finiz stile sad\u0131k kal\u0131n. Stilinize sad\u0131k kal\u0131rsan\u0131z tutarl\u0131 bir tema elde etmi\u015f olursunuz.<\/p>\n<p><img loading=\"lazy\" decoding=\"async\" class=\" wp-image-10004 aligncenter\" src=\"https:\/\/www.instaavm.com\/wp-content\/uploads\/2018\/08\/improve-instagram-feed-tips-3-160x300.jpg\" alt=\"\" width=\"373\" height=\"699\" \/><\/p>\n<h3>3. Sadece bir filtre se\u00e7in ve s\u00fcrekli onu kullan\u0131n<\/h3>\n<p>Filtresiz bir tema d\u00fc\u015f\u00fcn\u00fclemez bile. Tutarl\u0131 bir tema olu\u015fturman\u0131n kolay yollar\u0131ndan biri s\u00fcrekli olarak ayn\u0131 filtreyi kullanmakt\u0131r. Mesela <a href=\"https:\/\/instaavm.com\/blog\/instagram-sohbet-temasi-rengi-nasil-degistirilir\/\" target=\"_blank\" rel=\"noopener\">Instagram sohbet temas\u0131 rengi nas\u0131l de\u011fi\u015ftirilir?<\/a> Preview uygulamas\u0131ndaki Filtre Paketleri sayesinde i\u015finiz olduk\u00e7a kolayla\u015f\u0131yor. B\u00f6ylece Instagram hesab\u0131n\u0131zdaki atmosferi s\u00fcrekli ve tutarl\u0131 bir \u015fekilde ayn\u0131 tutmay\u0131 ba\u015farabilirsiniz.<\/p>\n<h3>4. Foto\u011fraflar\u0131n\u0131z\u0131 m\u00fckemmel bir \u015fekilde yerle\u015ftirin<\/h3>\n<p>4. ad\u0131ma geldiyseniz art\u0131k d\u00fczeninizi ve teman\u0131z\u0131 belirlediniz demektir. D\u00fczeninizi se\u00e7tiniz ve teman\u0131z\u0131n nas\u0131l g\u00f6r\u00fcnece\u011fi hakk\u0131nda bir fikriniz var. S\u00fcrekli kullanaca\u011f\u0131n\u0131z filtre \u00fczerinde de karar\u0131n\u0131z\u0131 verdiniz. O zaman harika, \u00e7\u00fcnk\u00fc teman\u0131z ger\u00e7ekten de \u00e7ok iyi g\u00f6r\u00fcnmeye ba\u015flad\u0131 bile. \u015eimdi teman\u0131z do\u011frultusunda payla\u015faca\u011f\u0131n\u0131z foto\u011fraflar aras\u0131ndaki ak\u0131\u015f\u0131n p\u00fcr\u00fczs\u00fcz olmas\u0131n\u0131 sa\u011flaman\u0131z gerekiyor. Baz\u0131 Instagram hesaplar\u0131 neden m\u00fckemmel g\u00f6r\u00fcn\u00fcyor? Bu hesaplar harika g\u00f6r\u00fcn\u00fcyor \u00e7\u00fcnk\u00fc o hesaplar\u0131n sahipleri hangi foto\u011fraf\u0131n hangi foto\u011fraf yan\u0131na konulursa en g\u00fczel \u015fekilde g\u00f6r\u00fcnece\u011fini biliyor.<\/p>\n<p>Konuyu biraz daha a\u00e7al\u0131m:<\/p>\n<p>Sadece kahve temal\u0131 bir Instagram hesab\u0131n\u0131z olmad\u0131\u011f\u0131 s\u00fcrece, ki sadece bir temaya odaklanan hesaplara mono tema deniyor, t\u00fcm kahve foto\u011fraflar\u0131n\u0131z\u0131 yan yana koymay\u0131n. Bunun yerine bu kahve odakl\u0131 foto\u011fraflar\u0131 yay\u0131n ak\u0131\u015f\u0131n\u0131za yaymay\u0131 deneyin. Ayn\u0131 temadaki foto\u011fraflar\u0131 birbirinden ay\u0131r\u0131p hesab\u0131n\u0131za yayd\u0131\u011f\u0131n\u0131zda \u00e7ok daha dengeli g\u00f6r\u00fcnen bir Instagram profiline sahip olursunuz. Zaten ula\u015fman\u0131z gereken ama\u00e7 da bu dengeyi kurmakt\u0131r.<\/p>\n<p><img loading=\"lazy\" decoding=\"async\" class=\" wp-image-10005 aligncenter\" src=\"https:\/\/www.instaavm.com\/wp-content\/uploads\/2018\/08\/improve-instagram-feed-tips-9-160x300.jpg\" alt=\"\" width=\"303\" height=\"568\" \/><\/p>\n<p>\u0130nsan g\u00f6z\u00fcn\u00fcn, dengeyi kuran yay\u0131n ak\u0131\u015flar\u0131n\u0131 incelemesi ve bu hesaplardaki i\u00e7eriklerin keyfine varmas\u0131 \u00e7ok daha kolayla\u015f\u0131yor. E\u011fer bir kahvenin yan\u0131na tekrar ba\u015fka bir kahve foto\u011fraf\u0131 koyarsan\u0131z ziyaret\u00e7ileriniz taraf\u0131ndan s\u0131k\u0131c\u0131 bir profile sahip oldu\u011funuz d\u00fc\u015f\u00fcn\u00fclebilir.<\/p>\n<p>E\u011fer bir kafenin ya da fincan ve bardak \u00fcreten bir markan\u0131n Instagram hesab\u0131n\u0131 y\u00f6netiyorsan\u0131z bu sizin mono teman\u0131z olacakt\u0131r. Yaln\u0131z bu, s\u00fcrekli olarak sadece fincan ve kahve foto\u011fraf\u0131 payla\u015fmak zorunda oldu\u011funuz anlam\u0131na gelmemeli. Foto\u011fraflar\u0131n\u0131zda yarat\u0131c\u0131l\u0131\u011f\u0131 yakalamaya \u00e7al\u0131\u015f\u0131n.<\/p>\n<h3>5. Renk koordinasyonu yap\u0131n<\/h3>\n<p>Profilinizi bir seviye \u00fcste ta\u015f\u0131y\u0131n ve foto\u011fraflar\u0131n\u0131zdaki renkleri koordine edin.<br \/>\nRenk koordinasyonu yapmak i\u00e7in foto\u011fraflar\u0131n\u0131zda hep kullanaca\u011f\u0131n\u0131z 2-3 rengi se\u00e7in ve se\u00e7ti\u011finiz d\u00fczende yer alan foto\u011fraflar\u0131 yayarak dengeli bir tema olu\u015fturun.<\/p>\n<p>\u00d6rne\u011fin:<\/p>\n<ul>\n<li><a href=\"https:\/\/www.instagram.com\/lumiwau\/?hl=en\">@lumiwau<\/a> s\u00fcrekli olarak pembe ve mavi arkaplan renklerini kullan\u0131yor ve farkl\u0131 temadaki foto\u011fraflar\u0131n\u0131 yay\u0131yor.<\/li>\n<li><a href=\"https:\/\/www.instagram.com\/sarah_bubbles_\/?hl=en\">@sarah_bubbles_<\/a> gezi temas\u0131 i\u00e7in mavi ve ye\u015fil renklerini kullanmay\u0131 tercih ediyor.<\/li>\n<li><a href=\"https:\/\/www.instagram.com\/hanneernest\/?hl=en\">@hanneernest<\/a> temas\u0131n\u0131 olu\u015fturmak i\u00e7in siyah ve k\u0131rm\u0131z\u0131 renklerini se\u00e7mi\u015f.<\/li>\n<\/ul>\n<h3>6. Foto\u011fraflar\u0131n\u0131z\u0131 hep ayn\u0131 \u015fekilde k\u0131rp\u0131n<\/h3>\n<p>Instagram\u2019da tutarl\u0131 bir tema olu\u015fturman\u0131n kilit yolu foto\u011fraflar\u0131n\u0131z\u0131 s\u00fcrekli olarak ayn\u0131 \u015fekilde k\u0131rpman\u0131zd\u0131r. \u00d6rne\u011fin beyaz \u00e7er\u00e7eve temas\u0131n\u0131 kullan\u0131yorsan\u0131z hep ayn\u0131 beyaz \u00e7er\u00e7eveyi kullan\u0131n.<\/p>\n<h3>7. Do\u011fal \u0131\u015f\u0131k sizin en yak\u0131n arkada\u015f\u0131n\u0131zd\u0131r<\/h3>\n<p>Do\u011fal \u0131\u015f\u0131\u011f\u0131n foto\u011fraf \u00e7ekimi i\u00e7in ne kadar da \u00f6nemli oldu\u011funu daha \u00f6nce ka\u00e7 kez duydunuz? E\u011fer foto\u011fraflar\u0131n\u0131zda do\u011fal \u0131\u015f\u0131ktan yararlanm\u0131yorsan\u0131z kesinlikle b\u00fcy\u00fck bir f\u0131rsat\u0131 ka\u00e7\u0131r\u0131yorsunuz demektir. Foto\u011fraflar\u0131n\u0131z\u0131 do\u011fal \u0131\u015f\u0131kta \u00e7ekmek ger\u00e7ekten de \u00e7ok \u00f6nemli! Peki neden mi? \u00c7\u00fcnk\u00fc do\u011fal \u0131\u015f\u0131k sayesinde foto\u011fraflar\u0131n\u0131z\u0131 daha y\u00fcksek kalitede ve daha fazla detayl\u0131 olarak \u00e7ekmi\u015f olursunuz. Ayr\u0131ca do\u011fal \u0131\u015f\u0131kta \u00e7ekilen foto\u011fraflar, filtre eklendi\u011finde de daha g\u00fczel g\u00f6r\u00fcn\u00fcr.<\/p>\n<p>Peki foto\u011fraf \u00e7ekerken do\u011fal \u0131\u015f\u0131ktan yararlanman\u0131n en ideal zamanlar\u0131 nelerdir?<\/p>\n<ul>\n<li>Sabah<\/li>\n<li>\u00d6\u011fleden sonra<\/li>\n<\/ul>\n<p>Foto\u011fraflar\u0131n\u0131z\u0131 cam\u0131n yan\u0131nda \u00e7ekin ki do\u011fal \u0131\u015f\u0131\u011f\u0131 yeterince alabilesiniz.<\/p>\n<p>\u00d6nemli ipucu: Daha da tutarl\u0131 bir tema elde etmek i\u00e7in hep ayn\u0131 \u0131\u015f\u0131k alt\u0131nda foto\u011fraf \u00e7ekmeye \u00e7al\u0131\u015f\u0131n. Yani do\u011fal \u0131\u015f\u0131ktan yararlanmak i\u00e7in foto\u011fraflar\u0131n\u0131z\u0131 g\u00fcn\u00fcn hep ayn\u0131 saatinde \u00e7ekmeye \u00f6zen g\u00f6sterin.<\/p>\n<h3>8. Y\u00fcksek kaliteli foto\u011fraflar her zaman i\u00e7in kazan\u0131r<\/h3>\n<p>Bu ipucuyu art\u0131k herkes biliyor ama biz yine de belirtelim istedik. Y\u00fcksek kaliteli foto\u011fraflar ne kadar be\u011feni alaca\u011f\u0131n\u0131za do\u011frudan etki eden bir fakt\u00f6rd\u00fcr. Bulan\u0131k foto\u011fraflar kilometrelerce uzakl\u0131ktan g\u00f6r\u00fcnebilir. Halbuki y\u00fcksek kaliteli bir foto\u011fraf ise ilgi \u00e7ekici, detay dolu ve keskin oland\u0131r. \u00dczerine tekrar t\u0131klay\u0131p yak\u0131ndan incelemek istedi\u011fimiz foto\u011fraft\u0131r y\u00fcksek kaliteli olan.<\/p>\n<p><img loading=\"lazy\" decoding=\"async\" class=\" wp-image-10006 aligncenter\" src=\"https:\/\/www.instaavm.com\/wp-content\/uploads\/2018\/08\/improve-instagram-feed-tips-16-160x300.jpg\" alt=\"\" width=\"328\" height=\"615\" \/><\/p>\n<p>Foto\u011fraf payla\u015f\u0131rken iyi kaliteye sahip bir foto\u011fraf olmas\u0131na \u00f6zen g\u00f6sterin. Peki bunu nas\u0131l yapmam\u0131z gerek?<\/p>\n<ul>\n<li>Cihaz\u0131n\u0131z\u0131n \u00f6n kameras\u0131n\u0131 kullanarak foto\u011fraf \u00e7ekmeyin. \u00c7\u00fcnk\u00fc \u00f6n kemara d\u00fc\u015f\u00fck kaliteli foto\u011fraflar \u00e7eker.<\/li>\n<li>Cihaz\u0131n\u0131z\u0131n arka kameras\u0131n\u0131 kullanarak foto\u011fraf \u00e7ekmeye \u00f6zen g\u00f6sterin. \u00c7\u00fcnk\u00fc arka kameran\u0131n \u00f6zellikleri ve piksel seviyesi daha y\u00fcksek oldu\u011fu i\u00e7in do\u011fal olarak \u00e7ekece\u011finiz foto\u011fraflar da daha y\u00fcksek kaliteli olur.<\/li>\n<li>Daha \u00f6nce payla\u015fm\u0131\u015f oldu\u011funuz bir i\u00e7eri\u011fi tekrar payla\u015fmak i\u00e7in ekran g\u00f6r\u00fcnt\u00fcs\u00fcn\u00fc al\u0131p \u00f6yle payla\u015fmay\u0131n. Bu i\u015flem foto\u011fraf\u0131n kalitesini d\u00fc\u015f\u00fcr\u00fcr.<\/li>\n<li>Bunun yerine Preview uygulamas\u0131n\u0131n repost \u00f6zelli\u011fini kullanarak daha \u00f6nce payla\u015fm\u0131\u015f oldu\u011funuz bir foto\u011fraf\u0131 kalitesinden \u00f6d\u00fcn vermeden tekrar payla\u015fabilirsiniz.<\/li>\n<\/ul>\n<p>Foto\u011fraf\u0131n\u0131z\u0131n kalitesini art\u0131racak d\u00fczenleme s\u0131rr\u0131:<\/p>\n<p>Preview uygulamas\u0131ndaki Foto Edit\u00f6r\u00fc\u2019ne (Photo Editor) girin. Foto\u011fraf\u0131n\u0131z\u0131n kalitesini otomatik olarak art\u0131rmak i\u00e7in enhance butonuna t\u0131klay\u0131n. Foto\u011fraf\u0131n\u0131za kontrast eklemeyi ve biraz keskinlik katmay\u0131 da sak\u0131n unutmay\u0131n.<\/p>\n<h3>9. Keyfini \u00e7\u0131kar\u0131n<\/h3>\n<p>E\u011fer yapt\u0131klar\u0131n\u0131zdan keyif alm\u0131yorsan\u0131z Instagram yay\u0131n ak\u0131\u015f\u0131n\u0131z asla sizin istedi\u011finiz gibi g\u00f6r\u00fcnmeyecektir. Uygulayaca\u011f\u0131n\u0131z stratejileri severek ve e\u011flenerek yap\u0131n. Payla\u015fmak ve g\u00f6rmek istedi\u011finiz i\u00e7erikleri \u00fcretirken acele etmeyin ve ihtiyac\u0131n\u0131z olan zaman\u0131n tamam\u0131n\u0131 kullan\u0131n. Yarat\u0131c\u0131l\u0131\u011f\u0131n\u0131z\u0131 konu\u015fturun ve yay\u0131n ak\u0131\u015f\u0131n\u0131z\u0131 planlaman\u0131n keyfini \u00e7\u0131kar\u0131n.<\/p>\n<p>\u0130yi Instagramlamalar dileriz!<\/p>\n","protected":false},"excerpt":{"rendered":"<p>Instagram hakk\u0131nda bildi\u011finiz her \u015feyi bir kenara at\u0131n. Bunun yerine birlikte en ba\u015ftan ba\u015flamaya ne dersiniz? Preview uygulamas\u0131n\u0131 y\u00fcklemeniz size \u00f6nerece\u011fimiz ipu\u00e7lar\u0131n\u0131 yerine getirmeniz i\u00e7in \u00e7ok \u00f6nemlidir \u00e7\u00fcnk\u00fc Preview, yay\u0131n ak\u0131\u015f\u0131n\u0131z\u0131 kendinize \u00f6zel bir \u015fekilde tasarlaman\u0131za yard\u0131mc\u0131 olur. Size bu makalede \u00f6nerece\u011fimiz ipu\u00e7lar\u0131n\u0131 Preview uygulamas\u0131 ile kolayl\u0131kla uygulayabilirsiniz. Instagram yay\u0131n ak\u0131\u015f\u0131n\u0131z\u0131 g\u00f6rsel bir \u015f\u00f6lene d\u00f6n\u00fc\u015ft\u00fcrmek &hellip;<\/p>\n","protected":false},"author":1,"featured_media":13122,"comment_status":"open","ping_status":"closed","sticky":false,"template":"","format":"standard","meta":{"om_disable_all_campaigns":false,"_monsterinsights_skip_tracking":false,"_monsterinsights_sitenote_active":false,"_monsterinsights_sitenote_note":"","_monsterinsights_sitenote_category":0,"footnotes":""},"categories":[177],"tags":[186,191,178,188,189,193,194,192,200,179,196,190,184,185,182,195,203,202],"class_list":["post-9922","post","type-post","status-publish","format-standard","has-post-thumbnail","hentry","category-instagram-taktikleri","tag-fotografcilik-taktikleri","tag-influencer-nasil-olunur","tag-instagram","tag-instagram-fotograflari-nasil-olmali","tag-instagram-influencer","tag-instagram-marketing","tag-instagram-pazarlamaciligi","tag-instagram-pazarlamasi","tag-instagram-sirlari","tag-instagram-taktikleri","tag-instagram-unlusu-nasil-olunur","tag-instagramda-influencer-olmak","tag-instagramda-kariyer","tag-instagramda-nasil-para-kazanilir","tag-instagramda-nasil-takipci-kazanilir","tag-instagramda-pazarlama","tag-takipci-kazanmak-icin-ne-yapmali","tag-takipci-nasil-kazanilir"],"yoast_head":"<!-- This site is optimized with the Yoast SEO plugin v26.4 - https:\/\/yoast.com\/wordpress\/plugins\/seo\/ -->\n<title>Instagram Hesab\u0131n\u0131z\u0131 G\u00fczelle\u015ftirecek 9 Basit \u0130pucu | InstaAVM<\/title>\n<meta name=\"description\" content=\"Instagram hesab\u0131n\u0131z\u0131 en g\u00fczel \u015fekilde y\u00f6netmeniz i\u00e7in baz\u0131 uygulamalar kullanman\u0131z gerekmektedir. Bu uygulamalar\u0131 sizin i\u00e7in ara\u015ft\u0131rd\u0131k.\" \/>\n<meta name=\"robots\" content=\"index, follow, max-snippet:-1, max-image-preview:large, max-video-preview:-1\" \/>\n<link rel=\"canonical\" href=\"https:\/\/instaavm.com\/blog\/instagram-hesabinizi-guzellestirecek-9-basit-ipucu\/\" \/>\n<meta property=\"og:locale\" content=\"tr_TR\" \/>\n<meta property=\"og:type\" content=\"article\" \/>\n<meta property=\"og:title\" content=\"Instagram Hesab\u0131n\u0131z\u0131 G\u00fczelle\u015ftirecek 9 Basit \u0130pucu | InstaAVM\" \/>\n<meta property=\"og:description\" content=\"Instagram hesab\u0131n\u0131z\u0131 en g\u00fczel \u015fekilde y\u00f6netmeniz i\u00e7in baz\u0131 uygulamalar kullanman\u0131z gerekmektedir. Bu uygulamalar\u0131 sizin i\u00e7in ara\u015ft\u0131rd\u0131k.\" \/>\n<meta property=\"og:url\" content=\"https:\/\/instaavm.com\/blog\/instagram-hesabinizi-guzellestirecek-9-basit-ipucu\/\" \/>\n<meta property=\"og:site_name\" content=\"InstaAVM Blog\" \/>\n<meta property=\"article:publisher\" content=\"https:\/\/www.facebook.com\/instaavmcom\/\" \/>\n<meta property=\"article:published_time\" content=\"2018-08-22T09:00:32+00:00\" \/>\n<meta property=\"article:modified_time\" content=\"2025-03-12T08:25:16+00:00\" \/>\n<meta property=\"og:image\" content=\"https:\/\/instaavm.com\/blog\/wp-content\/uploads\/2018\/08\/taras-shypka-424932-unsplash-300x200-1.jpg\" \/>\n\t<meta property=\"og:image:width\" content=\"300\" \/>\n\t<meta property=\"og:image:height\" content=\"200\" \/>\n\t<meta property=\"og:image:type\" content=\"image\/jpeg\" \/>\n<meta name=\"author\" content=\"Buket\" \/>\n<meta name=\"twitter:card\" content=\"summary_large_image\" \/>\n<meta name=\"twitter:label1\" content=\"Yazan:\" \/>\n\t<meta name=\"twitter:data1\" content=\"Buket\" \/>\n\t<meta name=\"twitter:label2\" content=\"Tahmini okuma s\u00fcresi\" \/>\n\t<meta name=\"twitter:data2\" content=\"6 dakika\" \/>\n<script type=\"application\/ld+json\" class=\"yoast-schema-graph\">{\"@context\":\"https:\/\/schema.org\",\"@graph\":[{\"@type\":\"WebPage\",\"@id\":\"https:\/\/instaavm.com\/blog\/instagram-hesabinizi-guzellestirecek-9-basit-ipucu\/\",\"url\":\"https:\/\/instaavm.com\/blog\/instagram-hesabinizi-guzellestirecek-9-basit-ipucu\/\",\"name\":\"Instagram Hesab\u0131n\u0131z\u0131 G\u00fczelle\u015ftirecek 9 Basit \u0130pucu | InstaAVM\",\"isPartOf\":{\"@id\":\"https:\/\/instaavm.com\/blog\/#website\"},\"primaryImageOfPage\":{\"@id\":\"https:\/\/instaavm.com\/blog\/instagram-hesabinizi-guzellestirecek-9-basit-ipucu\/#primaryimage\"},\"image\":{\"@id\":\"https:\/\/instaavm.com\/blog\/instagram-hesabinizi-guzellestirecek-9-basit-ipucu\/#primaryimage\"},\"thumbnailUrl\":\"https:\/\/instaavm.com\/blog\/wp-content\/uploads\/2018\/08\/taras-shypka-424932-unsplash-300x200-1.jpg\",\"datePublished\":\"2018-08-22T09:00:32+00:00\",\"dateModified\":\"2025-03-12T08:25:16+00:00\",\"author\":{\"@id\":\"https:\/\/instaavm.com\/blog\/#\/schema\/person\/bcaadf6c79eb17d84837e4558b5dd9d0\"},\"description\":\"Instagram hesab\u0131n\u0131z\u0131 en g\u00fczel \u015fekilde y\u00f6netmeniz i\u00e7in baz\u0131 uygulamalar kullanman\u0131z gerekmektedir. Bu uygulamalar\u0131 sizin i\u00e7in ara\u015ft\u0131rd\u0131k.\",\"breadcrumb\":{\"@id\":\"https:\/\/instaavm.com\/blog\/instagram-hesabinizi-guzellestirecek-9-basit-ipucu\/#breadcrumb\"},\"inLanguage\":\"tr\",\"potentialAction\":[{\"@type\":\"ReadAction\",\"target\":[\"https:\/\/instaavm.com\/blog\/instagram-hesabinizi-guzellestirecek-9-basit-ipucu\/\"]}]},{\"@type\":\"ImageObject\",\"inLanguage\":\"tr\",\"@id\":\"https:\/\/instaavm.com\/blog\/instagram-hesabinizi-guzellestirecek-9-basit-ipucu\/#primaryimage\",\"url\":\"https:\/\/instaavm.com\/blog\/wp-content\/uploads\/2018\/08\/taras-shypka-424932-unsplash-300x200-1.jpg\",\"contentUrl\":\"https:\/\/instaavm.com\/blog\/wp-content\/uploads\/2018\/08\/taras-shypka-424932-unsplash-300x200-1.jpg\",\"width\":300,\"height\":200,\"caption\":\"Instagram Hesab\u0131n\u0131z\u0131 G\u00fczelle\u015ftirecek 9 Basit \u0130pucu\"},{\"@type\":\"BreadcrumbList\",\"@id\":\"https:\/\/instaavm.com\/blog\/instagram-hesabinizi-guzellestirecek-9-basit-ipucu\/#breadcrumb\",\"itemListElement\":[{\"@type\":\"ListItem\",\"position\":1,\"name\":\"Ana sayfa\",\"item\":\"https:\/\/instaavm.com\/blog\/\"},{\"@type\":\"ListItem\",\"position\":2,\"name\":\"Instagram Hesab\u0131n\u0131z\u0131 G\u00fczelle\u015ftirecek 9 Basit \u0130pucu\"}]},{\"@type\":\"WebSite\",\"@id\":\"https:\/\/instaavm.com\/blog\/#website\",\"url\":\"https:\/\/instaavm.com\/blog\/\",\"name\":\"InstaAVM Blog\",\"description\":\"\",\"potentialAction\":[{\"@type\":\"SearchAction\",\"target\":{\"@type\":\"EntryPoint\",\"urlTemplate\":\"https:\/\/instaavm.com\/blog\/?s={search_term_string}\"},\"query-input\":{\"@type\":\"PropertyValueSpecification\",\"valueRequired\":true,\"valueName\":\"search_term_string\"}}],\"inLanguage\":\"tr\"},{\"@type\":\"Person\",\"@id\":\"https:\/\/instaavm.com\/blog\/#\/schema\/person\/bcaadf6c79eb17d84837e4558b5dd9d0\",\"name\":\"Buket\",\"image\":{\"@type\":\"ImageObject\",\"inLanguage\":\"tr\",\"@id\":\"https:\/\/instaavm.com\/blog\/#\/schema\/person\/image\/\",\"url\":\"https:\/\/secure.gravatar.com\/avatar\/0135a4c36bc382400901534b68dd283a4307b258aaf57446ecad302c514e4e31?s=96&r=g\",\"contentUrl\":\"https:\/\/secure.gravatar.com\/avatar\/0135a4c36bc382400901534b68dd283a4307b258aaf57446ecad302c514e4e31?s=96&r=g\",\"caption\":\"Buket\"},\"url\":\"https:\/\/instaavm.com\/blog\/author\/admin\/\"}]}<\/script>\n<!-- \/ Yoast SEO plugin. -->","yoast_head_json":{"title":"Instagram Hesab\u0131n\u0131z\u0131 G\u00fczelle\u015ftirecek 9 Basit \u0130pucu | InstaAVM","description":"Instagram hesab\u0131n\u0131z\u0131 en g\u00fczel \u015fekilde y\u00f6netmeniz i\u00e7in baz\u0131 uygulamalar kullanman\u0131z gerekmektedir. Bu uygulamalar\u0131 sizin i\u00e7in ara\u015ft\u0131rd\u0131k.","robots":{"index":"index","follow":"follow","max-snippet":"max-snippet:-1","max-image-preview":"max-image-preview:large","max-video-preview":"max-video-preview:-1"},"canonical":"https:\/\/instaavm.com\/blog\/instagram-hesabinizi-guzellestirecek-9-basit-ipucu\/","og_locale":"tr_TR","og_type":"article","og_title":"Instagram Hesab\u0131n\u0131z\u0131 G\u00fczelle\u015ftirecek 9 Basit \u0130pucu | InstaAVM","og_description":"Instagram hesab\u0131n\u0131z\u0131 en g\u00fczel \u015fekilde y\u00f6netmeniz i\u00e7in baz\u0131 uygulamalar kullanman\u0131z gerekmektedir. Bu uygulamalar\u0131 sizin i\u00e7in ara\u015ft\u0131rd\u0131k.","og_url":"https:\/\/instaavm.com\/blog\/instagram-hesabinizi-guzellestirecek-9-basit-ipucu\/","og_site_name":"InstaAVM Blog","article_publisher":"https:\/\/www.facebook.com\/instaavmcom\/","article_published_time":"2018-08-22T09:00:32+00:00","article_modified_time":"2025-03-12T08:25:16+00:00","og_image":[{"width":300,"height":200,"url":"https:\/\/instaavm.com\/blog\/wp-content\/uploads\/2018\/08\/taras-shypka-424932-unsplash-300x200-1.jpg","type":"image\/jpeg"}],"author":"Buket","twitter_card":"summary_large_image","twitter_misc":{"Yazan:":"Buket","Tahmini okuma s\u00fcresi":"6 dakika"},"schema":{"@context":"https:\/\/schema.org","@graph":[{"@type":"WebPage","@id":"https:\/\/instaavm.com\/blog\/instagram-hesabinizi-guzellestirecek-9-basit-ipucu\/","url":"https:\/\/instaavm.com\/blog\/instagram-hesabinizi-guzellestirecek-9-basit-ipucu\/","name":"Instagram Hesab\u0131n\u0131z\u0131 G\u00fczelle\u015ftirecek 9 Basit \u0130pucu | InstaAVM","isPartOf":{"@id":"https:\/\/instaavm.com\/blog\/#website"},"primaryImageOfPage":{"@id":"https:\/\/instaavm.com\/blog\/instagram-hesabinizi-guzellestirecek-9-basit-ipucu\/#primaryimage"},"image":{"@id":"https:\/\/instaavm.com\/blog\/instagram-hesabinizi-guzellestirecek-9-basit-ipucu\/#primaryimage"},"thumbnailUrl":"https:\/\/instaavm.com\/blog\/wp-content\/uploads\/2018\/08\/taras-shypka-424932-unsplash-300x200-1.jpg","datePublished":"2018-08-22T09:00:32+00:00","dateModified":"2025-03-12T08:25:16+00:00","author":{"@id":"https:\/\/instaavm.com\/blog\/#\/schema\/person\/bcaadf6c79eb17d84837e4558b5dd9d0"},"description":"Instagram hesab\u0131n\u0131z\u0131 en g\u00fczel \u015fekilde y\u00f6netmeniz i\u00e7in baz\u0131 uygulamalar kullanman\u0131z gerekmektedir. Bu uygulamalar\u0131 sizin i\u00e7in ara\u015ft\u0131rd\u0131k.","breadcrumb":{"@id":"https:\/\/instaavm.com\/blog\/instagram-hesabinizi-guzellestirecek-9-basit-ipucu\/#breadcrumb"},"inLanguage":"tr","potentialAction":[{"@type":"ReadAction","target":["https:\/\/instaavm.com\/blog\/instagram-hesabinizi-guzellestirecek-9-basit-ipucu\/"]}]},{"@type":"ImageObject","inLanguage":"tr","@id":"https:\/\/instaavm.com\/blog\/instagram-hesabinizi-guzellestirecek-9-basit-ipucu\/#primaryimage","url":"https:\/\/instaavm.com\/blog\/wp-content\/uploads\/2018\/08\/taras-shypka-424932-unsplash-300x200-1.jpg","contentUrl":"https:\/\/instaavm.com\/blog\/wp-content\/uploads\/2018\/08\/taras-shypka-424932-unsplash-300x200-1.jpg","width":300,"height":200,"caption":"Instagram Hesab\u0131n\u0131z\u0131 G\u00fczelle\u015ftirecek 9 Basit \u0130pucu"},{"@type":"BreadcrumbList","@id":"https:\/\/instaavm.com\/blog\/instagram-hesabinizi-guzellestirecek-9-basit-ipucu\/#breadcrumb","itemListElement":[{"@type":"ListItem","position":1,"name":"Ana sayfa","item":"https:\/\/instaavm.com\/blog\/"},{"@type":"ListItem","position":2,"name":"Instagram Hesab\u0131n\u0131z\u0131 G\u00fczelle\u015ftirecek 9 Basit \u0130pucu"}]},{"@type":"WebSite","@id":"https:\/\/instaavm.com\/blog\/#website","url":"https:\/\/instaavm.com\/blog\/","name":"InstaAVM Blog","description":"","potentialAction":[{"@type":"SearchAction","target":{"@type":"EntryPoint","urlTemplate":"https:\/\/instaavm.com\/blog\/?s={search_term_string}"},"query-input":{"@type":"PropertyValueSpecification","valueRequired":true,"valueName":"search_term_string"}}],"inLanguage":"tr"},{"@type":"Person","@id":"https:\/\/instaavm.com\/blog\/#\/schema\/person\/bcaadf6c79eb17d84837e4558b5dd9d0","name":"Buket","image":{"@type":"ImageObject","inLanguage":"tr","@id":"https:\/\/instaavm.com\/blog\/#\/schema\/person\/image\/","url":"https:\/\/secure.gravatar.com\/avatar\/0135a4c36bc382400901534b68dd283a4307b258aaf57446ecad302c514e4e31?s=96&r=g","contentUrl":"https:\/\/secure.gravatar.com\/avatar\/0135a4c36bc382400901534b68dd283a4307b258aaf57446ecad302c514e4e31?s=96&r=g","caption":"Buket"},"url":"https:\/\/instaavm.com\/blog\/author\/admin\/"}]}},"_links":{"self":[{"href":"https:\/\/instaavm.com\/blog\/wp-json\/wp\/v2\/posts\/9922","targetHints":{"allow":["GET"]}}],"collection":[{"href":"https:\/\/instaavm.com\/blog\/wp-json\/wp\/v2\/posts"}],"about":[{"href":"https:\/\/instaavm.com\/blog\/wp-json\/wp\/v2\/types\/post"}],"author":[{"embeddable":true,"href":"https:\/\/instaavm.com\/blog\/wp-json\/wp\/v2\/users\/1"}],"replies":[{"embeddable":true,"href":"https:\/\/instaavm.com\/blog\/wp-json\/wp\/v2\/comments?post=9922"}],"version-history":[{"count":8,"href":"https:\/\/instaavm.com\/blog\/wp-json\/wp\/v2\/posts\/9922\/revisions"}],"predecessor-version":[{"id":14089,"href":"https:\/\/instaavm.com\/blog\/wp-json\/wp\/v2\/posts\/9922\/revisions\/14089"}],"wp:featuredmedia":[{"embeddable":true,"href":"https:\/\/instaavm.com\/blog\/wp-json\/wp\/v2\/media\/13122"}],"wp:attachment":[{"href":"https:\/\/instaavm.com\/blog\/wp-json\/wp\/v2\/media?parent=9922"}],"wp:term":[{"taxonomy":"category","embeddable":true,"href":"https:\/\/instaavm.com\/blog\/wp-json\/wp\/v2\/categories?post=9922"},{"taxonomy":"post_tag","embeddable":true,"href":"https:\/\/instaavm.com\/blog\/wp-json\/wp\/v2\/tags?post=9922"}],"curies":[{"name":"wp","href":"https:\/\/api.w.org\/{rel}","templated":true}]}}