{"id":14450,"date":"2025-06-19T10:48:14","date_gmt":"2025-06-19T07:48:14","guid":{"rendered":"https:\/\/instaavm.com\/blog\/?p=14450"},"modified":"2025-06-19T10:48:15","modified_gmt":"2025-06-19T07:48:15","slug":"instagram-profil-fotografi-buyutme-kapatma","status":"publish","type":"post","link":"https:\/\/instaavm.com\/blog\/instagram-profil-fotografi-buyutme-kapatma\/","title":{"rendered":"Instagram Profil Foto\u011fraf\u0131 B\u00fcy\u00fctme Kapatma"},"content":{"rendered":"\n<p>Instagram, kullan\u0131c\u0131 deneyimini s\u00fcrekli geli\u015ftiren bir platform olarak profil foto\u011fraf\u0131 b\u00fcy\u00fctme \u00f6zelli\u011fini de sunmaktad\u0131r. Ancak baz\u0131 kullan\u0131c\u0131lar gizliliklerini korumak amac\u0131yla bu \u00f6zelli\u011fi devre d\u0131\u015f\u0131 b\u0131rakmak isteyebilirler. \u0130\u00e7eri\u011fimizde Instagram profil foto\u011fraf\u0131 b\u00fcy\u00fctme kapatma ve gizlili\u011finizi art\u0131rmak i\u00e7in alabilece\u011finiz ek \u00f6nlemleri detayl\u0131 bir \u015fekilde ele alaca\u011f\u0131z.<\/p>\n\n\n\n<figure class=\"wp-block-embed is-type-video is-provider-youtube wp-block-embed-youtube wp-embed-aspect-16-9 wp-has-aspect-ratio\"><div class=\"wp-block-embed__wrapper\">\n<iframe loading=\"lazy\" title=\"\u0130nstagram Profil Foto\u011fraf\u0131 B\u00fcy\u00fctme  Kapatma\" width=\"500\" height=\"281\" src=\"https:\/\/www.youtube.com\/embed\/pKt_E07w2Ho?feature=oembed\" frameborder=\"0\" allow=\"accelerometer; autoplay; clipboard-write; encrypted-media; gyroscope; picture-in-picture; web-share\" referrerpolicy=\"strict-origin-when-cross-origin\" allowfullscreen><\/iframe>\n<\/div><\/figure>\n\n\n\n<h2 class=\"wp-block-heading\">Instagram Profil Foto\u011fraf\u0131 B\u00fcy\u00fctme \u00d6zelli\u011fi Nas\u0131l Kapat\u0131l\u0131r?<\/h2>\n\n\n\n<p>Instagram kullan\u0131c\u0131lar\u0131na profil foto\u011fraflar\u0131n\u0131n b\u00fcy\u00fct\u00fclmesini engelleme se\u00e7ene\u011fi sunmaktad\u0131r. Bu ayar\u0131 devre d\u0131\u015f\u0131 b\u0131rakmak i\u00e7in a\u015fa\u011f\u0131daki ad\u0131mlar\u0131 izleyebilirsiniz:<\/p>\n\n\n\n<div class=\"wp-block-group\"><div class=\"wp-block-group__inner-container is-layout-constrained wp-block-group-is-layout-constrained\">\n<ol class=\"wp-block-list\">\n<li>Instagram uygulamas\u0131n\u0131 a\u00e7\u0131n ve profilinize gidin.<\/li>\n\n\n\n<li>Sa\u011f \u00fcst k\u00f6\u015fedeki \u00fc\u00e7 \u00e7izgi simgesine dokunun.<\/li>\n\n\n\n<li>Buradan &#8220;Ayarlar&#8221; sekmesine gideceksiniz.<\/li>\n\n\n\n<li>&#8220;Gizlilik&#8221; sekmesine t\u0131klay\u0131n.<\/li>\n\n\n\n<li>A\u015fa\u011f\u0131 kayd\u0131rarak &#8220;Profil foto\u011fraf\u0131n\u0131n b\u00fcy\u00fct\u00fclmesine izin ver&#8221; se\u00e7ene\u011fini bulun ve kapal\u0131 konuma getirin.<\/li>\n<\/ol>\n<\/div><\/div>\n\n\n\n<p>Yukar\u0131daki ad\u0131mlar\u0131 uygulad\u0131ktan sonra di\u011fer kullan\u0131c\u0131lar profil foto\u011fraf\u0131n\u0131z\u0131 b\u00fcy\u00fctemeyecektir.<\/p>\n\n\n\n<h2 class=\"wp-block-heading\">Instagram Profil Foto\u011fraf\u0131 G\u00f6r\u00fcnt\u00fclemeyi Engelleme Y\u00f6ntemleri<\/h2>\n\n\n\n<p>Profil foto\u011fraf\u0131n\u0131z\u0131n b\u00fcy\u00fct\u00fclmesini engellemenin yan\u0131 s\u0131ra gizlili\u011finizi art\u0131rmak i\u00e7in a\u015fa\u011f\u0131daki y\u00f6ntemleri de uygulayabilirsiniz:<\/p>\n\n\n\n<h3 class=\"wp-block-heading\">Hesab\u0131n\u0131z\u0131 Gizli Hale Getirin<\/h3>\n\n\n\n<p>Hesab\u0131n\u0131z\u0131 gizli yaparak sadece onaylad\u0131\u011f\u0131n\u0131z takip\u00e7ilerinizin profil foto\u011fraf\u0131n\u0131z\u0131 ve payla\u015f\u0131mlar\u0131n\u0131z\u0131 g\u00f6rmesini sa\u011flayabilirsiniz. Bunun i\u00e7in \u015fu ad\u0131mlar\u0131 uygulamal\u0131s\u0131n\u0131z:<\/p>\n\n\n\n<ul class=\"wp-block-list\">\n<li>Profilinize gidin.<\/li>\n<\/ul>\n\n\n\n<figure class=\"wp-block-image size-large\"><img loading=\"lazy\" decoding=\"async\" width=\"473\" height=\"1024\" src=\"https:\/\/instaavm.com\/blog\/wp-content\/uploads\/2025\/06\/Instagram-Profil-Fotografi-Buyutme-Ozelligi-Nasil-Kapatilir-473x1024.webp\" alt=\"Instagram Profil Foto\u011fraf\u0131 B\u00fcy\u00fctme \u00d6zelli\u011fi Nas\u0131l Kapat\u0131l\u0131r?\" class=\"wp-image-14455\"\/><\/figure>\n\n\n\n<ul class=\"wp-block-list\">\n<li>Sa\u011f \u00fcst k\u00f6\u015fedeki \u00fc\u00e7 \u00e7izgiye dokunun.<\/li>\n<\/ul>\n\n\n\n<figure class=\"wp-block-image size-large\"><img loading=\"lazy\" decoding=\"async\" width=\"473\" height=\"1024\" src=\"https:\/\/instaavm.com\/blog\/wp-content\/uploads\/2025\/06\/Instagram-Profil-Fotografi-Buyutme-Ozelligi-Nasil-Kapatilir2-473x1024.webp\" alt=\"Instagram Profil Foto\u011fraf\u0131 B\u00fcy\u00fctme \u00d6zelli\u011fi Nas\u0131l Kapat\u0131l\u0131r?\" class=\"wp-image-14456\"\/><\/figure>\n\n\n\n<ul class=\"wp-block-list\">\n<li>&#8220;Hesap Gizlili\u011fi&#8221; sekmesine gidin.<\/li>\n<\/ul>\n\n\n\n<figure class=\"wp-block-image size-large\"><img loading=\"lazy\" decoding=\"async\" width=\"473\" height=\"1024\" src=\"https:\/\/instaavm.com\/blog\/wp-content\/uploads\/2025\/06\/Instagram-Profil-Fotografi-Buyutme-Ozelligi-Nasil-Kapatilir3-473x1024.webp\" alt=\"Instagram Profil Foto\u011fraf\u0131 B\u00fcy\u00fctme \u00d6zelli\u011fi Nas\u0131l Kapat\u0131l\u0131r?\" class=\"wp-image-14457\"\/><\/figure>\n\n\n\n<ul class=\"wp-block-list\">\n<li>&#8220;Gizli Hesap&#8221; se\u00e7ene\u011fini aktif hale getirin.<\/li>\n<\/ul>\n\n\n\n<figure class=\"wp-block-image size-large\"><img loading=\"lazy\" decoding=\"async\" width=\"473\" height=\"1024\" src=\"https:\/\/instaavm.com\/blog\/wp-content\/uploads\/2025\/06\/Instagram-Profil-Fotografi-Buyutme-Ozelligi-Nasil-Kapatilir4-473x1024.webp\" alt=\"Instagram Profil Foto\u011fraf\u0131 B\u00fcy\u00fctme \u00d6zelli\u011fi Nas\u0131l Kapat\u0131l\u0131r?\" class=\"wp-image-14458\"\/><\/figure>\n\n\n\n<p>Yukar\u0131daki ayar profilinizi sadece onaylad\u0131\u011f\u0131n\u0131z ki\u015filere g\u00f6r\u00fcn\u00fcr k\u0131lar.<\/p>\n\n\n\n<h3 class=\"wp-block-heading\">Profil Foto\u011fraf\u0131n\u0131z\u0131 De\u011fi\u015ftirin<\/h3>\n\n\n\n<p>Profil foto\u011fraf\u0131n\u0131z\u0131 ki\u015fisel olmayan bir g\u00f6rselle de\u011fi\u015ftirerek kimli\u011finizi gizleyebilirsiniz. \u00d6rne\u011fin manzara foto\u011fraflar\u0131, avatarlar veya genel simgeler kullanabilirsiniz. Bu y\u00f6ntem profil foto\u011fraf\u0131n\u0131z\u0131n b\u00fcy\u00fct\u00fclmesi durumunda ki\u015fisel bilgilerinizin if\u015fa olmas\u0131n\u0131 engeller.<\/p>\n\n\n\n<h3 class=\"wp-block-heading\">\u00dc\u00e7\u00fcnc\u00fc Taraf Uygulamalardan Korunun<\/h3>\n\n\n\n<p>Baz\u0131 web siteleri ve uygulamalar Instagram profil foto\u011fraflar\u0131n\u0131 b\u00fcy\u00fctmeye veya indirmeye \u00e7al\u0131\u015fabilir. Bu t\u00fcr \u00fc\u00e7\u00fcnc\u00fc taraf hizmetlerden korunmak i\u00e7in a\u015fa\u011f\u0131dakileri uygulayabilirsiniz:<\/p>\n\n\n\n<ul class=\"wp-block-list\">\n<li>Instagram hesab\u0131n\u0131z\u0131n &#8220;Gizlilik ve G\u00fcvenlik&#8221; ayarlar\u0131n\u0131 kontrol edin.<\/li>\n\n\n\n<li>\u015e\u00fcpheli uygulama ve sitelere Instagram eri\u015fimi vermedi\u011finizden emin olun.<\/li>\n\n\n\n<li>Instagram\u2019da &#8220;Yetkili Uygulamalar&#8221; b\u00f6l\u00fcm\u00fcnden gereksiz eri\u015fimleri kald\u0131r\u0131n.<\/li>\n<\/ul>\n\n\n\n<p>Yukar\u0131daki ad\u0131mlar ki\u015fisel verilerinizin izinsiz eri\u015fimlere kar\u015f\u0131 korunmas\u0131na yard\u0131mc\u0131 olur. Ayr\u0131ca hesab\u0131n\u0131z\u0131n ele ge\u00e7irilme riskini azaltarak g\u00fcvenli bir sosyal medya deneyimi sa\u011flar.<\/p>\n\n\n\n<h2 class=\"wp-block-heading\">Instagram Profil Foto\u011fraf\u0131 B\u00fcy\u00fctme Kapatman\u0131n Faydalar\u0131<\/h2>\n\n\n\n<figure class=\"wp-block-image size-large\"><img loading=\"lazy\" decoding=\"async\" width=\"1024\" height=\"1024\" src=\"https:\/\/instaavm.com\/blog\/wp-content\/uploads\/2025\/06\/Instagram-Profil-Fotografi-Buyutme-Kapatmanin-Faydalari-1024x1024.webp\" alt=\"Instagram Profil Foto\u011fraf\u0131 B\u00fcy\u00fctme Kapatman\u0131n Faydalar\u0131\" class=\"wp-image-14454\"\/><\/figure>\n\n\n\n<p>Instagram profil foto\u011fraf\u0131 b\u00fcy\u00fctme kapatma kullan\u0131c\u0131lara baz\u0131 \u00f6nemli avantajlar\u0131 sa\u011flar:<\/p>\n\n\n\n<ul class=\"wp-block-list\">\n<li><strong>Gizlili\u011finizi Art\u0131r\u0131r<\/strong>: Profil foto\u011fraf\u0131n\u0131z\u0131n detaylar\u0131n\u0131n g\u00f6r\u00fcnt\u00fclenmesini engelleyerek ki\u015fisel bilgilerinizin if\u015fa olmas\u0131n\u0131 \u00f6nler.<\/li>\n\n\n\n<li><strong>G\u00fcvenli\u011finizi Sa\u011flar<\/strong>: Profil foto\u011fraf\u0131n\u0131z\u0131n k\u00f6t\u00fc niyetli ki\u015filer taraf\u0131ndan kullan\u0131lmas\u0131n\u0131 engelleyerek hesap g\u00fcvenli\u011finizi art\u0131r\u0131r.<\/li>\n\n\n\n<li><strong>Kontrol Sizde Olur<\/strong>: Hesab\u0131n\u0131z \u00fczerindeki kontrol\u00fc art\u0131rarak kimlerin neyi g\u00f6rebilece\u011fini siz belirlersiniz.<\/li>\n<\/ul>\n\n\n\n<p>Instagram kullan\u0131c\u0131lar\u0131na gizliliklerini koruma konusunda \u00e7e\u015fitli se\u00e7enekler sunmaktad\u0131r. Profil foto\u011fraf\u0131 b\u00fcy\u00fctme \u00f6zelli\u011fini devre d\u0131\u015f\u0131 b\u0131rakmak ve ek gizlilik \u00f6nlemleri almak hesab\u0131n\u0131z\u0131n g\u00fcvenli\u011fini art\u0131r\u0131r. Yukar\u0131da belirtilen ad\u0131mlar\u0131 takip ederek, Instagram deneyiminizi daha g\u00fcvenli ve kontroll\u00fc hale getirebilirsiniz. Instagram zaman zaman gizlilik ayarlar\u0131nda de\u011fi\u015fiklikler yapabilir. Bu nedenle en g\u00fcncel bilgiler i\u00e7in Instagram&#8217;\u0131n resmi yard\u0131m sayfalar\u0131n\u0131 d\u00fczenli olarak kontrol etmeniz \u00f6nerilir.<\/p>\n\n\n\n<h2 class=\"wp-block-heading\">S\u0131k\u00e7a Sorulan Sorular<\/h2>\n\n\n\n<div class=\"schema-faq wp-block-yoast-faq-block\"><div class=\"schema-faq-section\" id=\"faq-question-1750290279132\"><strong class=\"schema-faq-question\">Instagram&#8217;da Profil Foto\u011fraf\u0131n\u0131 B\u00fcy\u00fctmeyi Nas\u0131l Kapatabilirim?<\/strong> <p class=\"schema-faq-answer\">Instagram, kullan\u0131c\u0131lar\u0131n profil foto\u011fraf\u0131n\u0131 b\u00fcy\u00fctmeyi tamamen engelleyecek bir \u00f6zellik sunmamaktad\u0131r. Ancak hesab\u0131n\u0131z\u0131 gizli yaparak yaln\u0131zca onaylad\u0131\u011f\u0131n\u0131z ki\u015filerin profilinizi g\u00f6rmesini sa\u011flayabilirsiniz. Ayr\u0131ca tan\u0131nmak istemiyorsan\u0131z, profil foto\u011fraf\u0131 olarak y\u00fcz\u00fcn\u00fcz\u00fc g\u00f6stermeyen bir g\u00f6rsel tercih edebilirsiniz.<\/p> <\/div> <div class=\"schema-faq-section\" id=\"faq-question-1750290280040\"><strong class=\"schema-faq-question\">Instagram Profil G\u00f6r\u00fcnt\u00fcleme Nas\u0131l Kapat\u0131l\u0131r?<\/strong> <p class=\"schema-faq-answer\">Instagram\u2019da profilinizi kimlerin g\u00f6r\u00fcnt\u00fcledi\u011fini tamamen gizlemek m\u00fcmk\u00fcn de\u011fildir \u00e7\u00fcnk\u00fc b\u00f6yle bir \u00f6zellik sunulmaz. Ancak hesab\u0131n\u0131z\u0131 gizli (\u00f6zel) yaparak sadece takip\u00e7ilerinizin profilinizi g\u00f6rmesine izin verebilirsiniz. Bu ayar\u0131 &#8220;Ayarlar > Gizlilik > Hesap Gizlili\u011fi&#8221; yolunu izleyerek aktif edebilirsiniz.<\/p> <\/div> <div class=\"schema-faq-section\" id=\"faq-question-1750290281206\"><strong class=\"schema-faq-question\">Instagram Profil Foto\u011fraf\u0131 Nas\u0131l Kilitlenir?<\/strong> <p class=\"schema-faq-answer\">\u015eu anda Instagram profil foto\u011fraf\u0131n\u0131 kilitleyerek indirmeyi veya b\u00fcy\u00fctmeyi tamamen engelleyen bir \u00f6zellik sunmamaktad\u0131r. Ancak hesab\u0131n\u0131z\u0131 gizli yaparak sadece onayl\u0131 takip\u00e7ilerinizin sizi g\u00f6rmesini sa\u011flayabilirsiniz. Profil foto\u011fraf\u0131 olarak y\u00fcz\u00fcn\u00fcz\u00fc g\u00f6stermeyen bir simge ya da genel bir g\u00f6rsel kullanmak da alternatif bir \u00e7\u00f6z\u00fcmd\u00fcr.<\/p> <\/div> <\/div>\n","protected":false},"excerpt":{"rendered":"<p>Instagram, kullan\u0131c\u0131 deneyimini s\u00fcrekli geli\u015ftiren bir platform olarak profil foto\u011fraf\u0131 b\u00fcy\u00fctme \u00f6zelli\u011fini de sunmaktad\u0131r. Ancak baz\u0131 kullan\u0131c\u0131lar gizliliklerini korumak amac\u0131yla bu \u00f6zelli\u011fi devre d\u0131\u015f\u0131 b\u0131rakmak isteyebilirler. \u0130\u00e7eri\u011fimizde Instagram profil foto\u011fraf\u0131 b\u00fcy\u00fctme kapatma ve gizlili\u011finizi art\u0131rmak i\u00e7in alabilece\u011finiz ek \u00f6nlemleri detayl\u0131 bir \u015fekilde ele alaca\u011f\u0131z. Instagram Profil Foto\u011fraf\u0131 B\u00fcy\u00fctme \u00d6zelli\u011fi Nas\u0131l Kapat\u0131l\u0131r? Instagram kullan\u0131c\u0131lar\u0131na profil foto\u011fraflar\u0131n\u0131n &hellip;<\/p>\n","protected":false},"author":1,"featured_media":14452,"comment_status":"open","ping_status":"closed","sticky":false,"template":"","format":"standard","meta":{"om_disable_all_campaigns":false,"_monsterinsights_skip_tracking":false,"_monsterinsights_sitenote_active":false,"_monsterinsights_sitenote_note":"","_monsterinsights_sitenote_category":0,"footnotes":""},"categories":[177],"tags":[],"class_list":["post-14450","post","type-post","status-publish","format-standard","has-post-thumbnail","hentry","category-instagram-taktikleri"],"yoast_head":"<!-- This site is optimized with the Yoast SEO plugin v26.4 - https:\/\/yoast.com\/wordpress\/plugins\/seo\/ -->\n<title>Instagram Profil Foto\u011fraf\u0131 B\u00fcy\u00fctme Kapatma | InstaAVM<\/title>\n<meta name=\"description\" content=\"Instagram profil foto\u011fraf\u0131 b\u00fcy\u00fctme \u00f6zelli\u011fini kapatarak gizlili\u011finizi art\u0131r\u0131n. Hemen ad\u0131mlar\u0131 \u00f6\u011frenin ve hesab\u0131n\u0131z\u0131 daha g\u00fcvenli hale getirin.\" \/>\n<meta name=\"robots\" content=\"index, follow, max-snippet:-1, max-image-preview:large, max-video-preview:-1\" \/>\n<link rel=\"canonical\" href=\"https:\/\/instaavm.com\/blog\/instagram-profil-fotografi-buyutme-kapatma\/\" \/>\n<meta property=\"og:locale\" content=\"tr_TR\" \/>\n<meta property=\"og:type\" content=\"article\" \/>\n<meta property=\"og:title\" content=\"Instagram Profil Foto\u011fraf\u0131 B\u00fcy\u00fctme Kapatma | InstaAVM\" \/>\n<meta property=\"og:description\" content=\"Instagram profil foto\u011fraf\u0131 b\u00fcy\u00fctme \u00f6zelli\u011fini kapatarak gizlili\u011finizi art\u0131r\u0131n. Hemen ad\u0131mlar\u0131 \u00f6\u011frenin ve hesab\u0131n\u0131z\u0131 daha g\u00fcvenli hale getirin.\" \/>\n<meta property=\"og:url\" content=\"https:\/\/instaavm.com\/blog\/instagram-profil-fotografi-buyutme-kapatma\/\" \/>\n<meta property=\"og:site_name\" content=\"InstaAVM Blog\" \/>\n<meta property=\"article:publisher\" content=\"https:\/\/www.facebook.com\/instaavmcom\/\" \/>\n<meta property=\"article:published_time\" content=\"2025-06-19T07:48:14+00:00\" \/>\n<meta property=\"article:modified_time\" content=\"2025-06-19T07:48:15+00:00\" \/>\n<meta property=\"og:image\" content=\"https:\/\/instaavm.com\/blog\/wp-content\/uploads\/2025\/06\/Instagram-Profil-Fotografi-Buyutme-Kapatma.webp\" \/>\n\t<meta property=\"og:image:width\" content=\"2000\" \/>\n\t<meta property=\"og:image:height\" content=\"2000\" \/>\n\t<meta property=\"og:image:type\" content=\"image\/webp\" \/>\n<meta name=\"author\" content=\"Buket\" \/>\n<meta name=\"twitter:card\" content=\"summary_large_image\" \/>\n<meta name=\"twitter:label1\" content=\"Yazan:\" \/>\n\t<meta name=\"twitter:data1\" content=\"Buket\" \/>\n\t<meta name=\"twitter:label2\" content=\"Tahmini okuma s\u00fcresi\" \/>\n\t<meta name=\"twitter:data2\" content=\"4 dakika\" \/>\n<script type=\"application\/ld+json\" class=\"yoast-schema-graph\">{\"@context\":\"https:\/\/schema.org\",\"@graph\":[{\"@type\":[\"WebPage\",\"FAQPage\"],\"@id\":\"https:\/\/instaavm.com\/blog\/instagram-profil-fotografi-buyutme-kapatma\/\",\"url\":\"https:\/\/instaavm.com\/blog\/instagram-profil-fotografi-buyutme-kapatma\/\",\"name\":\"Instagram Profil Foto\u011fraf\u0131 B\u00fcy\u00fctme Kapatma | InstaAVM\",\"isPartOf\":{\"@id\":\"https:\/\/instaavm.com\/blog\/#website\"},\"primaryImageOfPage\":{\"@id\":\"https:\/\/instaavm.com\/blog\/instagram-profil-fotografi-buyutme-kapatma\/#primaryimage\"},\"image\":{\"@id\":\"https:\/\/instaavm.com\/blog\/instagram-profil-fotografi-buyutme-kapatma\/#primaryimage\"},\"thumbnailUrl\":\"https:\/\/instaavm.com\/blog\/wp-content\/uploads\/2025\/06\/Instagram-Profil-Fotografi-Buyutme-Kapatma.webp\",\"datePublished\":\"2025-06-19T07:48:14+00:00\",\"dateModified\":\"2025-06-19T07:48:15+00:00\",\"author\":{\"@id\":\"https:\/\/instaavm.com\/blog\/#\/schema\/person\/bcaadf6c79eb17d84837e4558b5dd9d0\"},\"description\":\"Instagram profil foto\u011fraf\u0131 b\u00fcy\u00fctme \u00f6zelli\u011fini kapatarak gizlili\u011finizi art\u0131r\u0131n. Hemen ad\u0131mlar\u0131 \u00f6\u011frenin ve hesab\u0131n\u0131z\u0131 daha g\u00fcvenli hale getirin.\",\"breadcrumb\":{\"@id\":\"https:\/\/instaavm.com\/blog\/instagram-profil-fotografi-buyutme-kapatma\/#breadcrumb\"},\"mainEntity\":[{\"@id\":\"https:\/\/instaavm.com\/blog\/instagram-profil-fotografi-buyutme-kapatma\/#faq-question-1750290279132\"},{\"@id\":\"https:\/\/instaavm.com\/blog\/instagram-profil-fotografi-buyutme-kapatma\/#faq-question-1750290280040\"},{\"@id\":\"https:\/\/instaavm.com\/blog\/instagram-profil-fotografi-buyutme-kapatma\/#faq-question-1750290281206\"}],\"inLanguage\":\"tr\",\"potentialAction\":[{\"@type\":\"ReadAction\",\"target\":[\"https:\/\/instaavm.com\/blog\/instagram-profil-fotografi-buyutme-kapatma\/\"]}]},{\"@type\":\"ImageObject\",\"inLanguage\":\"tr\",\"@id\":\"https:\/\/instaavm.com\/blog\/instagram-profil-fotografi-buyutme-kapatma\/#primaryimage\",\"url\":\"https:\/\/instaavm.com\/blog\/wp-content\/uploads\/2025\/06\/Instagram-Profil-Fotografi-Buyutme-Kapatma.webp\",\"contentUrl\":\"https:\/\/instaavm.com\/blog\/wp-content\/uploads\/2025\/06\/Instagram-Profil-Fotografi-Buyutme-Kapatma.webp\",\"width\":2000,\"height\":2000,\"caption\":\"Instagram Profil Foto\u011fraf\u0131 B\u00fcy\u00fctme Kapatma\"},{\"@type\":\"BreadcrumbList\",\"@id\":\"https:\/\/instaavm.com\/blog\/instagram-profil-fotografi-buyutme-kapatma\/#breadcrumb\",\"itemListElement\":[{\"@type\":\"ListItem\",\"position\":1,\"name\":\"Ana sayfa\",\"item\":\"https:\/\/instaavm.com\/blog\/\"},{\"@type\":\"ListItem\",\"position\":2,\"name\":\"Instagram Profil Foto\u011fraf\u0131 B\u00fcy\u00fctme Kapatma\"}]},{\"@type\":\"WebSite\",\"@id\":\"https:\/\/instaavm.com\/blog\/#website\",\"url\":\"https:\/\/instaavm.com\/blog\/\",\"name\":\"InstaAVM Blog\",\"description\":\"\",\"potentialAction\":[{\"@type\":\"SearchAction\",\"target\":{\"@type\":\"EntryPoint\",\"urlTemplate\":\"https:\/\/instaavm.com\/blog\/?s={search_term_string}\"},\"query-input\":{\"@type\":\"PropertyValueSpecification\",\"valueRequired\":true,\"valueName\":\"search_term_string\"}}],\"inLanguage\":\"tr\"},{\"@type\":\"Person\",\"@id\":\"https:\/\/instaavm.com\/blog\/#\/schema\/person\/bcaadf6c79eb17d84837e4558b5dd9d0\",\"name\":\"Buket\",\"image\":{\"@type\":\"ImageObject\",\"inLanguage\":\"tr\",\"@id\":\"https:\/\/instaavm.com\/blog\/#\/schema\/person\/image\/\",\"url\":\"https:\/\/secure.gravatar.com\/avatar\/0135a4c36bc382400901534b68dd283a4307b258aaf57446ecad302c514e4e31?s=96&r=g\",\"contentUrl\":\"https:\/\/secure.gravatar.com\/avatar\/0135a4c36bc382400901534b68dd283a4307b258aaf57446ecad302c514e4e31?s=96&r=g\",\"caption\":\"Buket\"},\"url\":\"https:\/\/instaavm.com\/blog\/author\/admin\/\"},{\"@type\":\"Question\",\"@id\":\"https:\/\/instaavm.com\/blog\/instagram-profil-fotografi-buyutme-kapatma\/#faq-question-1750290279132\",\"position\":1,\"url\":\"https:\/\/instaavm.com\/blog\/instagram-profil-fotografi-buyutme-kapatma\/#faq-question-1750290279132\",\"name\":\"Instagram'da Profil Foto\u011fraf\u0131n\u0131 B\u00fcy\u00fctmeyi Nas\u0131l Kapatabilirim?\",\"answerCount\":1,\"acceptedAnswer\":{\"@type\":\"Answer\",\"text\":\"Instagram, kullan\u0131c\u0131lar\u0131n profil foto\u011fraf\u0131n\u0131 b\u00fcy\u00fctmeyi tamamen engelleyecek bir \u00f6zellik sunmamaktad\u0131r. Ancak hesab\u0131n\u0131z\u0131 gizli yaparak yaln\u0131zca onaylad\u0131\u011f\u0131n\u0131z ki\u015filerin profilinizi g\u00f6rmesini sa\u011flayabilirsiniz. Ayr\u0131ca tan\u0131nmak istemiyorsan\u0131z, profil foto\u011fraf\u0131 olarak y\u00fcz\u00fcn\u00fcz\u00fc g\u00f6stermeyen bir g\u00f6rsel tercih edebilirsiniz.\",\"inLanguage\":\"tr\"},\"inLanguage\":\"tr\"},{\"@type\":\"Question\",\"@id\":\"https:\/\/instaavm.com\/blog\/instagram-profil-fotografi-buyutme-kapatma\/#faq-question-1750290280040\",\"position\":2,\"url\":\"https:\/\/instaavm.com\/blog\/instagram-profil-fotografi-buyutme-kapatma\/#faq-question-1750290280040\",\"name\":\"Instagram Profil G\u00f6r\u00fcnt\u00fcleme Nas\u0131l Kapat\u0131l\u0131r?\",\"answerCount\":1,\"acceptedAnswer\":{\"@type\":\"Answer\",\"text\":\"Instagram\u2019da profilinizi kimlerin g\u00f6r\u00fcnt\u00fcledi\u011fini tamamen gizlemek m\u00fcmk\u00fcn de\u011fildir \u00e7\u00fcnk\u00fc b\u00f6yle bir \u00f6zellik sunulmaz. Ancak hesab\u0131n\u0131z\u0131 gizli (\u00f6zel) yaparak sadece takip\u00e7ilerinizin profilinizi g\u00f6rmesine izin verebilirsiniz. Bu ayar\u0131 \\\"Ayarlar > Gizlilik > Hesap Gizlili\u011fi\\\" yolunu izleyerek aktif edebilirsiniz.\",\"inLanguage\":\"tr\"},\"inLanguage\":\"tr\"},{\"@type\":\"Question\",\"@id\":\"https:\/\/instaavm.com\/blog\/instagram-profil-fotografi-buyutme-kapatma\/#faq-question-1750290281206\",\"position\":3,\"url\":\"https:\/\/instaavm.com\/blog\/instagram-profil-fotografi-buyutme-kapatma\/#faq-question-1750290281206\",\"name\":\"Instagram Profil Foto\u011fraf\u0131 Nas\u0131l Kilitlenir?\",\"answerCount\":1,\"acceptedAnswer\":{\"@type\":\"Answer\",\"text\":\"\u015eu anda Instagram profil foto\u011fraf\u0131n\u0131 kilitleyerek indirmeyi veya b\u00fcy\u00fctmeyi tamamen engelleyen bir \u00f6zellik sunmamaktad\u0131r. Ancak hesab\u0131n\u0131z\u0131 gizli yaparak sadece onayl\u0131 takip\u00e7ilerinizin sizi g\u00f6rmesini sa\u011flayabilirsiniz. Profil foto\u011fraf\u0131 olarak y\u00fcz\u00fcn\u00fcz\u00fc g\u00f6stermeyen bir simge ya da genel bir g\u00f6rsel kullanmak da alternatif bir \u00e7\u00f6z\u00fcmd\u00fcr.\",\"inLanguage\":\"tr\"},\"inLanguage\":\"tr\"}]}<\/script>\n<!-- \/ Yoast SEO plugin. -->","yoast_head_json":{"title":"Instagram Profil Foto\u011fraf\u0131 B\u00fcy\u00fctme Kapatma | InstaAVM","description":"Instagram profil foto\u011fraf\u0131 b\u00fcy\u00fctme \u00f6zelli\u011fini kapatarak gizlili\u011finizi art\u0131r\u0131n. Hemen ad\u0131mlar\u0131 \u00f6\u011frenin ve hesab\u0131n\u0131z\u0131 daha g\u00fcvenli hale getirin.","robots":{"index":"index","follow":"follow","max-snippet":"max-snippet:-1","max-image-preview":"max-image-preview:large","max-video-preview":"max-video-preview:-1"},"canonical":"https:\/\/instaavm.com\/blog\/instagram-profil-fotografi-buyutme-kapatma\/","og_locale":"tr_TR","og_type":"article","og_title":"Instagram Profil Foto\u011fraf\u0131 B\u00fcy\u00fctme Kapatma | InstaAVM","og_description":"Instagram profil foto\u011fraf\u0131 b\u00fcy\u00fctme \u00f6zelli\u011fini kapatarak gizlili\u011finizi art\u0131r\u0131n. Hemen ad\u0131mlar\u0131 \u00f6\u011frenin ve hesab\u0131n\u0131z\u0131 daha g\u00fcvenli hale getirin.","og_url":"https:\/\/instaavm.com\/blog\/instagram-profil-fotografi-buyutme-kapatma\/","og_site_name":"InstaAVM Blog","article_publisher":"https:\/\/www.facebook.com\/instaavmcom\/","article_published_time":"2025-06-19T07:48:14+00:00","article_modified_time":"2025-06-19T07:48:15+00:00","og_image":[{"width":2000,"height":2000,"url":"https:\/\/instaavm.com\/blog\/wp-content\/uploads\/2025\/06\/Instagram-Profil-Fotografi-Buyutme-Kapatma.webp","type":"image\/webp"}],"author":"Buket","twitter_card":"summary_large_image","twitter_misc":{"Yazan:":"Buket","Tahmini okuma s\u00fcresi":"4 dakika"},"schema":{"@context":"https:\/\/schema.org","@graph":[{"@type":["WebPage","FAQPage"],"@id":"https:\/\/instaavm.com\/blog\/instagram-profil-fotografi-buyutme-kapatma\/","url":"https:\/\/instaavm.com\/blog\/instagram-profil-fotografi-buyutme-kapatma\/","name":"Instagram Profil Foto\u011fraf\u0131 B\u00fcy\u00fctme Kapatma | InstaAVM","isPartOf":{"@id":"https:\/\/instaavm.com\/blog\/#website"},"primaryImageOfPage":{"@id":"https:\/\/instaavm.com\/blog\/instagram-profil-fotografi-buyutme-kapatma\/#primaryimage"},"image":{"@id":"https:\/\/instaavm.com\/blog\/instagram-profil-fotografi-buyutme-kapatma\/#primaryimage"},"thumbnailUrl":"https:\/\/instaavm.com\/blog\/wp-content\/uploads\/2025\/06\/Instagram-Profil-Fotografi-Buyutme-Kapatma.webp","datePublished":"2025-06-19T07:48:14+00:00","dateModified":"2025-06-19T07:48:15+00:00","author":{"@id":"https:\/\/instaavm.com\/blog\/#\/schema\/person\/bcaadf6c79eb17d84837e4558b5dd9d0"},"description":"Instagram profil foto\u011fraf\u0131 b\u00fcy\u00fctme \u00f6zelli\u011fini kapatarak gizlili\u011finizi art\u0131r\u0131n. Hemen ad\u0131mlar\u0131 \u00f6\u011frenin ve hesab\u0131n\u0131z\u0131 daha g\u00fcvenli hale getirin.","breadcrumb":{"@id":"https:\/\/instaavm.com\/blog\/instagram-profil-fotografi-buyutme-kapatma\/#breadcrumb"},"mainEntity":[{"@id":"https:\/\/instaavm.com\/blog\/instagram-profil-fotografi-buyutme-kapatma\/#faq-question-1750290279132"},{"@id":"https:\/\/instaavm.com\/blog\/instagram-profil-fotografi-buyutme-kapatma\/#faq-question-1750290280040"},{"@id":"https:\/\/instaavm.com\/blog\/instagram-profil-fotografi-buyutme-kapatma\/#faq-question-1750290281206"}],"inLanguage":"tr","potentialAction":[{"@type":"ReadAction","target":["https:\/\/instaavm.com\/blog\/instagram-profil-fotografi-buyutme-kapatma\/"]}]},{"@type":"ImageObject","inLanguage":"tr","@id":"https:\/\/instaavm.com\/blog\/instagram-profil-fotografi-buyutme-kapatma\/#primaryimage","url":"https:\/\/instaavm.com\/blog\/wp-content\/uploads\/2025\/06\/Instagram-Profil-Fotografi-Buyutme-Kapatma.webp","contentUrl":"https:\/\/instaavm.com\/blog\/wp-content\/uploads\/2025\/06\/Instagram-Profil-Fotografi-Buyutme-Kapatma.webp","width":2000,"height":2000,"caption":"Instagram Profil Foto\u011fraf\u0131 B\u00fcy\u00fctme Kapatma"},{"@type":"BreadcrumbList","@id":"https:\/\/instaavm.com\/blog\/instagram-profil-fotografi-buyutme-kapatma\/#breadcrumb","itemListElement":[{"@type":"ListItem","position":1,"name":"Ana sayfa","item":"https:\/\/instaavm.com\/blog\/"},{"@type":"ListItem","position":2,"name":"Instagram Profil Foto\u011fraf\u0131 B\u00fcy\u00fctme Kapatma"}]},{"@type":"WebSite","@id":"https:\/\/instaavm.com\/blog\/#website","url":"https:\/\/instaavm.com\/blog\/","name":"InstaAVM Blog","description":"","potentialAction":[{"@type":"SearchAction","target":{"@type":"EntryPoint","urlTemplate":"https:\/\/instaavm.com\/blog\/?s={search_term_string}"},"query-input":{"@type":"PropertyValueSpecification","valueRequired":true,"valueName":"search_term_string"}}],"inLanguage":"tr"},{"@type":"Person","@id":"https:\/\/instaavm.com\/blog\/#\/schema\/person\/bcaadf6c79eb17d84837e4558b5dd9d0","name":"Buket","image":{"@type":"ImageObject","inLanguage":"tr","@id":"https:\/\/instaavm.com\/blog\/#\/schema\/person\/image\/","url":"https:\/\/secure.gravatar.com\/avatar\/0135a4c36bc382400901534b68dd283a4307b258aaf57446ecad302c514e4e31?s=96&r=g","contentUrl":"https:\/\/secure.gravatar.com\/avatar\/0135a4c36bc382400901534b68dd283a4307b258aaf57446ecad302c514e4e31?s=96&r=g","caption":"Buket"},"url":"https:\/\/instaavm.com\/blog\/author\/admin\/"},{"@type":"Question","@id":"https:\/\/instaavm.com\/blog\/instagram-profil-fotografi-buyutme-kapatma\/#faq-question-1750290279132","position":1,"url":"https:\/\/instaavm.com\/blog\/instagram-profil-fotografi-buyutme-kapatma\/#faq-question-1750290279132","name":"Instagram'da Profil Foto\u011fraf\u0131n\u0131 B\u00fcy\u00fctmeyi Nas\u0131l Kapatabilirim?","answerCount":1,"acceptedAnswer":{"@type":"Answer","text":"Instagram, kullan\u0131c\u0131lar\u0131n profil foto\u011fraf\u0131n\u0131 b\u00fcy\u00fctmeyi tamamen engelleyecek bir \u00f6zellik sunmamaktad\u0131r. Ancak hesab\u0131n\u0131z\u0131 gizli yaparak yaln\u0131zca onaylad\u0131\u011f\u0131n\u0131z ki\u015filerin profilinizi g\u00f6rmesini sa\u011flayabilirsiniz. Ayr\u0131ca tan\u0131nmak istemiyorsan\u0131z, profil foto\u011fraf\u0131 olarak y\u00fcz\u00fcn\u00fcz\u00fc g\u00f6stermeyen bir g\u00f6rsel tercih edebilirsiniz.","inLanguage":"tr"},"inLanguage":"tr"},{"@type":"Question","@id":"https:\/\/instaavm.com\/blog\/instagram-profil-fotografi-buyutme-kapatma\/#faq-question-1750290280040","position":2,"url":"https:\/\/instaavm.com\/blog\/instagram-profil-fotografi-buyutme-kapatma\/#faq-question-1750290280040","name":"Instagram Profil G\u00f6r\u00fcnt\u00fcleme Nas\u0131l Kapat\u0131l\u0131r?","answerCount":1,"acceptedAnswer":{"@type":"Answer","text":"Instagram\u2019da profilinizi kimlerin g\u00f6r\u00fcnt\u00fcledi\u011fini tamamen gizlemek m\u00fcmk\u00fcn de\u011fildir \u00e7\u00fcnk\u00fc b\u00f6yle bir \u00f6zellik sunulmaz. Ancak hesab\u0131n\u0131z\u0131 gizli (\u00f6zel) yaparak sadece takip\u00e7ilerinizin profilinizi g\u00f6rmesine izin verebilirsiniz. Bu ayar\u0131 \"Ayarlar > Gizlilik > Hesap Gizlili\u011fi\" yolunu izleyerek aktif edebilirsiniz.","inLanguage":"tr"},"inLanguage":"tr"},{"@type":"Question","@id":"https:\/\/instaavm.com\/blog\/instagram-profil-fotografi-buyutme-kapatma\/#faq-question-1750290281206","position":3,"url":"https:\/\/instaavm.com\/blog\/instagram-profil-fotografi-buyutme-kapatma\/#faq-question-1750290281206","name":"Instagram Profil Foto\u011fraf\u0131 Nas\u0131l Kilitlenir?","answerCount":1,"acceptedAnswer":{"@type":"Answer","text":"\u015eu anda Instagram profil foto\u011fraf\u0131n\u0131 kilitleyerek indirmeyi veya b\u00fcy\u00fctmeyi tamamen engelleyen bir \u00f6zellik sunmamaktad\u0131r. Ancak hesab\u0131n\u0131z\u0131 gizli yaparak sadece onayl\u0131 takip\u00e7ilerinizin sizi g\u00f6rmesini sa\u011flayabilirsiniz. Profil foto\u011fraf\u0131 olarak y\u00fcz\u00fcn\u00fcz\u00fc g\u00f6stermeyen bir simge ya da genel bir g\u00f6rsel kullanmak da alternatif bir \u00e7\u00f6z\u00fcmd\u00fcr.","inLanguage":"tr"},"inLanguage":"tr"}]}},"_links":{"self":[{"href":"https:\/\/instaavm.com\/blog\/wp-json\/wp\/v2\/posts\/14450","targetHints":{"allow":["GET"]}}],"collection":[{"href":"https:\/\/instaavm.com\/blog\/wp-json\/wp\/v2\/posts"}],"about":[{"href":"https:\/\/instaavm.com\/blog\/wp-json\/wp\/v2\/types\/post"}],"author":[{"embeddable":true,"href":"https:\/\/instaavm.com\/blog\/wp-json\/wp\/v2\/users\/1"}],"replies":[{"embeddable":true,"href":"https:\/\/instaavm.com\/blog\/wp-json\/wp\/v2\/comments?post=14450"}],"version-history":[{"count":3,"href":"https:\/\/instaavm.com\/blog\/wp-json\/wp\/v2\/posts\/14450\/revisions"}],"predecessor-version":[{"id":14459,"href":"https:\/\/instaavm.com\/blog\/wp-json\/wp\/v2\/posts\/14450\/revisions\/14459"}],"wp:featuredmedia":[{"embeddable":true,"href":"https:\/\/instaavm.com\/blog\/wp-json\/wp\/v2\/media\/14452"}],"wp:attachment":[{"href":"https:\/\/instaavm.com\/blog\/wp-json\/wp\/v2\/media?parent=14450"}],"wp:term":[{"taxonomy":"category","embeddable":true,"href":"https:\/\/instaavm.com\/blog\/wp-json\/wp\/v2\/categories?post=14450"},{"taxonomy":"post_tag","embeddable":true,"href":"https:\/\/instaavm.com\/blog\/wp-json\/wp\/v2\/tags?post=14450"}],"curies":[{"name":"wp","href":"https:\/\/api.w.org\/{rel}","templated":true}]}}